{"id":689,"__str__":"Requerimento n\u00ba 87 de 2015","link_detail_backend":"/materia/689","metadata":{},"numero":87,"ano":2015,"numero_protocolo":null,"data_apresentacao":"2015-12-04","tipo_apresentacao":"","data_publicacao":null,"numero_origem_externa":"","ano_origem_externa":null,"data_origem_externa":null,"apelido":"","dias_prazo":null,"data_fim_prazo":null,"em_tramitacao":true,"polemica":null,"objeto":"","complementar":null,"ementa":"\tOS MEMBROS DA COMISS\u00c3O DE ADMINISTRA\u00c7\u00c3O PUBLICA, ATENDENDO SOLICITA\u00c7\u00d5ES DOS PROFESSORES DA REDE MUNICIPAL, VEM \u00c0 R. PRESEN\u00c7A DE VOSSA EXCEL\u00caNCIA, SOLICITAR AO PREFEITO, AP\u00d3S APROVADO PELO PLEN\u00c1RIO E POR INTERM\u00c9DIO DA MESA DIRETORA, QUE SE CUMPRA A LEI 11.738, DE 16 DE JULHO DE 2008, QUE REGULAMENTA A AL\u00cdNEA &#8220;E&#8221; DO INCISO III DO CAPUT DO ART. 60 DO ATO DAS DISPOSI\u00c7\u00d5ES CONSTITUCIONAIS TRANSIT\u00d3RIAS, PARA INSTITUIR O PISO SALARIAL PROFISSIONAL NACIONAL PARA OS PROFISSIONAIS DO MAGIST\u00c9RIO P\u00daBLICO DA EDUCA\u00c7\u00c3O B\u00c1SICA. NO QUE REFERE A CARGA HORARIA DOS PROFESSORES DA EDUCA\u00c7\u00c3O B\u00c1SICA.","indexacao":"\tOS MEMBROS DA COMISS\u00c3O DE ADMINISTRA\u00c7\u00c3O PUBLICA, ATENDENDO SOLICITA\u00c7\u00d5ES DOS PROFESSORES DA REDE MUNICIPAL, VEM \u00c0 R. PRESEN\u00c7A DE VOSSA EXCEL\u00caNCIA, SOLICITAR AO PREFEITO, AP\u00d3S APROVADO PELO PLEN\u00c1RIO E POR INTERM\u00c9DIO DA MESA DIRETORA, QUE SE CUMPRA A LEI 11.738, DE 16 DE JULHO DE 2008, QUE REGULAMENTA A AL\u00cdNEA &#8220;E&#8221; DO INCISO III DO CAPUT DO ART. 60 DO ATO DAS DISPOSI\u00c7\u00d5ES CONSTITUCIONAIS TRANSIT\u00d3RIAS, PARA INSTITUIR O PISO SALARIAL PROFISSIONAL NACIONAL PARA OS PROFISSIONAIS DO MAGIST\u00c9RIO P\u00daBLICO DA EDUCA\u00c7\u00c3O B\u00c1SICA. NO QUE REFERE A CARGA HORARIA DOS PROFESSORES DA EDUCA\u00c7\u00c3O B\u00c1SICA.","observacao":"","resultado":"","texto_original":"http://sapl.bonfinopolisdeminas.mg.leg.br/media/sapl/public/materialegislativa/2015/689/689_texto_integral.pdf","data_ultima_atualizacao":"2018-07-09T19:14:54.632144-03:00","ip":"","ultima_edicao":null,"tipo":3,"regime_tramitacao":1,"tipo_origem_externa":null,"local_origem_externa":null,"user":null,"anexadas":[],"autores":[36]}